{"id":22679,"date":"2013-10-03T00:00:00","date_gmt":"2013-10-03T00:00:00","guid":{"rendered":"https:\/\/www.volkswagen.es\/2013\/10\/03\/hoy-se-inaugura-el-swab-con-el-nuevo-beetle-cabrio-como-gran-protagonista\/"},"modified":"2013-10-03T00:00:00","modified_gmt":"2013-10-03T00:00:00","slug":"hoy-se-inaugura-el-swab-con-el-nuevo-beetle-cabrio-como-gran-protagonista","status":"publish","type":"post","link":"https:\/\/www.volkswagen.es\/comunicacion\/hoy-se-inaugura-el-swab-con-el-nuevo-beetle-cabrio-como-gran-protagonista\/","title":{"rendered":"HOY SE INAUGURA EL SWAB CON EL NUEVO BEETLE CABRIO COMO GRAN PROTAGONISTA"},"content":{"rendered":"<p align=\"justify\"><span>El Volkswagen Beetle Cabrio se ha instalado en el Swab.  Adem\u00e1s de tener una unidad expuesta de forma permanente en el recinto de la feria, otros seis modelos ser\u00e1n los encargados desde hoy y hasta el domingo, de dar movilidad al programa de coleccionistas. Cada una de ellas es una versi\u00f3n \u00fanica, ya que lucen los dise\u00f1os ganadores del concurso \u00abAs Sun as Possible\u00bb, organizado por Volkswagen y Swab la pasada primavera. As\u00ed estos Beetle Cabrio pasear\u00e1n por la ciudad customizados con las creaciones de seis estudiantes de escuelas de dise\u00f1o espa\u00f1olas.<\/span><\/p>\n<p align=\"justify\"><span> <\/span><\/p>\n<p align=\"justify\"><span>Como novedad de esta edici\u00f3n se ha creado el Premio Volkswagen de Fotograf\u00eda. Este premio elegir\u00e1 a la mejor obra de fotograf\u00eda de entre todas las galer\u00edas participantes en Swab 2013, que ser\u00e1 donada a la Fundaci\u00f3n MACBA por parte de Volkswagen. La fotograf\u00eda vencedora, que se conocer\u00e1 el s\u00e1bado 4 de octubre, ser\u00e1 escogida por un jurado presidido por Bartomeu Mar\u00ed, director del MACBA, y compuesto por importantes nombres del mundo del arte.<\/span><\/p>\n<p align=\"justify\"><span> <\/span><\/p>\n<p align=\"justify\"><span>Swab, la Feria de Arte Contempor\u00e1neo de Barcelona, se celebrar\u00e1 en el Pabell\u00f3n Italiano de la Fira de Barcelona del 3 al 6 de octubre. Un total de 53 galer\u00edas procedentes de 19 pa\u00edses expondr\u00e1n las obras de 150 artistas j\u00f3venes llegados de todos los continentes, lo que subraya la apuesta de Swab por el arte emergente, el fomento de nuevos p\u00fablicos y una voluntad de ampliar el espectro del coleccionismo en la ciudad de Barcelona.<\/span><\/p>\n<p align=\"justify\"><span> <\/span><\/p>\n<p align=\"justify\"><span> <\/span><\/p>\n<p align=\"justify\"><span>Link: <b><a href=\"http:\/\/swab.es\/premis\">http:\/\/swab.es\/premis<\/a><\/b><\/span><\/p>\n<p><!--[if gte mso 9]&gt;   Normal  0      21      false  false  false    ES  X-NONE  X-NONE                                 MicrosoftInternetExplorer4                                     &lt;![endif]--><!--[if gte mso 9]&gt;                                                                                                                                                                                                                                                                                      &lt;![endif]--><!--[if gte mso 10]&gt; \/* Style Definitions *\/ table.MsoNormalTable        {mso-style-name:\"Tabla normal\";        mso-tstyle-rowband-size:0;        mso-tstyle-colband-size:0;        mso-style-noshow:yes;        mso-style-priority:99;        mso-style-parent:\"\";        mso-padding-alt:0cm 5.4pt 0cm 5.4pt;        mso-para-margin:0cm;        mso-para-margin-bottom:.0001pt;        mso-pagination:widow-orphan;                font-family:\"Times New Roman\",\"serif\";}&lt;![endif]--><\/p>\n","protected":false},"excerpt":{"rendered":"El Volkswagen Beetle Cabrio, veh\u00edculo oficial del Swab, ser\u00e1 una obra de arte m\u00e1s de la feria y se pasear\u00e1 por la ciudad luciendo vinilados espectaculares El Premio Volkswagen de Fotograf\u00eda es una de las","protected":false},"author":1,"featured_media":22681,"comment_status":"open","ping_status":"open","sticky":false,"template":"","format":"standard","meta":{"_acf_changed":false,"ep_exclude_from_search":false,"footnotes":""},"categories":[255],"tags":[],"class_list":["post-22679","post","type-post","status-publish","format-standard","has-post-thumbnail","hentry","category-beetle-cabrio"],"acf":[],"_links":{"self":[{"href":"https:\/\/www.volkswagen.es\/comunicacion\/wp-json\/wp\/v2\/posts\/22679","targetHints":{"allow":["GET"]}}],"collection":[{"href":"https:\/\/www.volkswagen.es\/comunicacion\/wp-json\/wp\/v2\/posts"}],"about":[{"href":"https:\/\/www.volkswagen.es\/comunicacion\/wp-json\/wp\/v2\/types\/post"}],"author":[{"embeddable":true,"href":"https:\/\/www.volkswagen.es\/comunicacion\/wp-json\/wp\/v2\/users\/1"}],"replies":[{"embeddable":true,"href":"https:\/\/www.volkswagen.es\/comunicacion\/wp-json\/wp\/v2\/comments?post=22679"}],"version-history":[{"count":0,"href":"https:\/\/www.volkswagen.es\/comunicacion\/wp-json\/wp\/v2\/posts\/22679\/revisions"}],"wp:featuredmedia":[{"embeddable":true,"href":"https:\/\/www.volkswagen.es\/comunicacion\/wp-json\/wp\/v2\/media\/22681"}],"wp:attachment":[{"href":"https:\/\/www.volkswagen.es\/comunicacion\/wp-json\/wp\/v2\/media?parent=22679"}],"wp:term":[{"taxonomy":"category","embeddable":true,"href":"https:\/\/www.volkswagen.es\/comunicacion\/wp-json\/wp\/v2\/categories?post=22679"},{"taxonomy":"post_tag","embeddable":true,"href":"https:\/\/www.volkswagen.es\/comunicacion\/wp-json\/wp\/v2\/tags?post=22679"}],"curies":[{"name":"wp","href":"https:\/\/api.w.org\/{rel}","templated":true}]}}