{"id":22495,"date":"2013-06-05T00:00:00","date_gmt":"2013-06-05T00:00:00","guid":{"rendered":"https:\/\/www.volkswagen.es\/2013\/06\/05\/volkswagen-lanza-el-nuevo-gtd-el-deportivo-de-larga-distancia-de-la-gama-golf\/"},"modified":"2013-06-05T00:00:00","modified_gmt":"2013-06-05T00:00:00","slug":"volkswagen-lanza-el-nuevo-gtd-el-deportivo-de-larga-distancia-de-la-gama-golf","status":"publish","type":"post","link":"https:\/\/www.volkswagen.es\/comunicacion\/volkswagen-lanza-el-nuevo-gtd-el-deportivo-de-larga-distancia-de-la-gama-golf\/","title":{"rendered":"VOLKSWAGEN LANZA EL NUEVO GTD: EL DEPORTIVO DE LARGA DISTANCIA  DE LA GAMA GOLF."},"content":{"rendered":"<p align=\"justify\">Volkswagen presenta el nuevo Golf GTD. Con 135 kW \/ 184 CV, un par motor de hasta 380 Nm, un consumo medio reducido de 4,2 l\/100 km y unas emisiones de CO2 de solo 109 g\/km, este GTD de dise\u00f1o deportivo es m\u00e1s potente, ahorrador y limpio que nunca . Frente al modelo anterior se han logrado 14 CV adicionales, 30 Nm m\u00e1s de par, una reducci\u00f3n de consumo de 0,9 l\/100 km y una tasa de emisiones mejorada en 25 g\/km CO2. Volkswagen ofrece el GTD de forma opcional con un cambio de doble embrague (DSG); tambi\u00e9n en este caso se logra un consumo de solo 4,5 l\/100 km (CO2: 119 g\/km). Ambas variantes de la caja de cambios del nuevo Golf GTD permiten que se cumpla la norma europea sobre emisiones Euro 6, que entrar\u00e1 en vigor en el a\u00f1o 2014.\u00a0\u00a0<\/p>\n<p align=\"justify\">El nuevo Golf GTD, ya se puede pedir y llegar\u00e1 a nuestro mercado en el mes de Junio, se posiciona como una de las alternativas m\u00e1s competitivas del segmento. Como atributos de su excepcional posicionamiento deportivo las caracter\u00edsticas de serie incluye, luces bi-xen\u00f3n y faros traseros de LED, iluminaci\u00f3n ambiental tambi\u00e9n de LED y por supuesto la funci\u00f3n de din\u00e1mica de marcha XDS+ perfeccionada, la direcci\u00f3n directa activa, tan directa como confortable, el chasis deportivo (rebajado en 15 mm) y las llantas de 17 pulgadas (tipo \u00abCuritiba\u00bb) con neum\u00e1ticos de 225. Esta combinaci\u00f3n se traduce en unas prestaciones y maniobrabilidad excepcionales propias de los coches deportivos de alta gama.\u00a0<\/p>\n<p align=\"justify\">El nuevo Golf GTD est\u00e1 disponible desde 31.000 euros.<\/p>\n<p align=\"justify\">\u00a0<\/p>\n<p align=\"justify\">\u00a0<\/p>\n<p align=\"justify\">\u00a0<\/p>\n","protected":false},"excerpt":{"rendered":"El Golf GTD alcanza una velocidad de 230 km\/h y tan solo consume 4,2 litros con el nuevo motor 2.0 TDI BMT. El nuevo XDS y la nueva direcci\u00f3n directa activa dotan a este modelo","protected":false},"author":1,"featured_media":22499,"comment_status":"open","ping_status":"open","sticky":false,"template":"","format":"standard","meta":{"_acf_changed":false,"ep_exclude_from_search":false,"footnotes":""},"categories":[257],"tags":[],"class_list":["post-22495","post","type-post","status-publish","format-standard","has-post-thumbnail","hentry","category-golf-golf-historico-de-modelos"],"acf":[],"_links":{"self":[{"href":"https:\/\/www.volkswagen.es\/comunicacion\/wp-json\/wp\/v2\/posts\/22495","targetHints":{"allow":["GET"]}}],"collection":[{"href":"https:\/\/www.volkswagen.es\/comunicacion\/wp-json\/wp\/v2\/posts"}],"about":[{"href":"https:\/\/www.volkswagen.es\/comunicacion\/wp-json\/wp\/v2\/types\/post"}],"author":[{"embeddable":true,"href":"https:\/\/www.volkswagen.es\/comunicacion\/wp-json\/wp\/v2\/users\/1"}],"replies":[{"embeddable":true,"href":"https:\/\/www.volkswagen.es\/comunicacion\/wp-json\/wp\/v2\/comments?post=22495"}],"version-history":[{"count":0,"href":"https:\/\/www.volkswagen.es\/comunicacion\/wp-json\/wp\/v2\/posts\/22495\/revisions"}],"wp:featuredmedia":[{"embeddable":true,"href":"https:\/\/www.volkswagen.es\/comunicacion\/wp-json\/wp\/v2\/media\/22499"}],"wp:attachment":[{"href":"https:\/\/www.volkswagen.es\/comunicacion\/wp-json\/wp\/v2\/media?parent=22495"}],"wp:term":[{"taxonomy":"category","embeddable":true,"href":"https:\/\/www.volkswagen.es\/comunicacion\/wp-json\/wp\/v2\/categories?post=22495"},{"taxonomy":"post_tag","embeddable":true,"href":"https:\/\/www.volkswagen.es\/comunicacion\/wp-json\/wp\/v2\/tags?post=22495"}],"curies":[{"name":"wp","href":"https:\/\/api.w.org\/{rel}","templated":true}]}}