{"id":21745,"date":"2012-02-08T00:00:00","date_gmt":"2012-02-08T00:00:00","guid":{"rendered":"https:\/\/www.volkswagen.es\/2012\/02\/08\/el-equipo-de-sonido-del-beetle-elegido-car-audio-system-of-the-year\/"},"modified":"2012-02-08T00:00:00","modified_gmt":"2012-02-08T00:00:00","slug":"el-equipo-de-sonido-del-beetle-elegido-car-audio-system-of-the-year","status":"publish","type":"post","link":"https:\/\/www.volkswagen.es\/comunicacion\/el-equipo-de-sonido-del-beetle-elegido-car-audio-system-of-the-year\/","title":{"rendered":"EL EQUIPO DE SONIDO DEL BEETLE ELEGIDO \u00abCAR AUDIO SYSTEM OF THE YEAR\u00bb"},"content":{"rendered":"<p align=\"justify\">El especialista en guitarras y amplificadores <i>Fender<\/i> es una marca reconocida desde hace mucho tiempo en el mundo de la m\u00fasica. Esta marca americana, que desarrolla en exclusiva sistemas de sonido para Volkswagen en Estados Unidos, conseguir\u00e1 ahora llegar a todo el mundo con el lanzamiento del nuevo Beetle. CNET.com, es un portal norteamericano de consumidores que ha elegido al sistema de audio Fender de alta calidad \u00abBest-sounding car stereo\u00bb del a\u00f1o 2011.<\/p>\n<p align=\"justify\">\u00abEl excelente sonido del sistema y su competitivo precio hacen que este producto de primera calidad merezca ser el ganador de este a\u00f1o\u00bb, afirman los editores de CNET en su p\u00e1gina web. El sistema de sonido <i>Fender<\/i> premiado est\u00e1 disponible con el Beetle en Espa\u00f1a a partir de 450 euros.<\/p>\n<p align=\"justify\">En el coraz\u00f3n de este sistema de sonido se encuentra un amplificador de 10 canales con 400 vatios de potencia de salida. Cuatro altavoces de agudos con imanes de neodimio y c\u00fapulas de tejido de alta calidad, dos altavoces de bajos con dobles bobinas de voz y otros dos con bobina simple son los encargados de proporcionar un sonido completo y n\u00edtido. Y para poner la guinda al pastel, incluye un subwoofer con doble bobina de voz en una caja de bajos cerrada que se sit\u00faa en un lugar estrat\u00e9gico para ahorrar espacio en el maletero.<\/p>\n<p align=\"justify\">Los clientes que elijan el sistema de sonido de alta calidad <i>Fender<\/i> en el Beetle, tambi\u00e9n disfrutar\u00e1n de una ambientaci\u00f3n muy particular de la luz interior del habit\u00e1culo con un ajuste de tres colores diferentes, rojo, azul y blanco. Asimismo, el acabado cromado adicional ubicado alrededor de las parrillas de los altavoces, as\u00ed como los logos distintivos Fender en la escuadra de los retrovisores y en la caja de bajos, le confieren al nuevo escarabajo un plus de exclusividad.<\/p>\n","protected":false},"excerpt":{"rendered":"o La p\u00e1gina web norteamericana CNET premia al sistema de sonido Fender del nuevo Volkswagen Beetle.","protected":false},"author":1,"featured_media":21747,"comment_status":"open","ping_status":"open","sticky":false,"template":"","format":"standard","meta":{"_acf_changed":false,"ep_exclude_from_search":false,"footnotes":""},"categories":[254],"tags":[],"class_list":["post-21745","post","type-post","status-publish","format-standard","has-post-thumbnail","hentry","category-beetle-beetle"],"acf":[],"_links":{"self":[{"href":"https:\/\/www.volkswagen.es\/comunicacion\/wp-json\/wp\/v2\/posts\/21745","targetHints":{"allow":["GET"]}}],"collection":[{"href":"https:\/\/www.volkswagen.es\/comunicacion\/wp-json\/wp\/v2\/posts"}],"about":[{"href":"https:\/\/www.volkswagen.es\/comunicacion\/wp-json\/wp\/v2\/types\/post"}],"author":[{"embeddable":true,"href":"https:\/\/www.volkswagen.es\/comunicacion\/wp-json\/wp\/v2\/users\/1"}],"replies":[{"embeddable":true,"href":"https:\/\/www.volkswagen.es\/comunicacion\/wp-json\/wp\/v2\/comments?post=21745"}],"version-history":[{"count":0,"href":"https:\/\/www.volkswagen.es\/comunicacion\/wp-json\/wp\/v2\/posts\/21745\/revisions"}],"wp:featuredmedia":[{"embeddable":true,"href":"https:\/\/www.volkswagen.es\/comunicacion\/wp-json\/wp\/v2\/media\/21747"}],"wp:attachment":[{"href":"https:\/\/www.volkswagen.es\/comunicacion\/wp-json\/wp\/v2\/media?parent=21745"}],"wp:term":[{"taxonomy":"category","embeddable":true,"href":"https:\/\/www.volkswagen.es\/comunicacion\/wp-json\/wp\/v2\/categories?post=21745"},{"taxonomy":"post_tag","embeddable":true,"href":"https:\/\/www.volkswagen.es\/comunicacion\/wp-json\/wp\/v2\/tags?post=21745"}],"curies":[{"name":"wp","href":"https:\/\/api.w.org\/{rel}","templated":true}]}}