{"id":21571,"date":"2011-07-29T00:00:00","date_gmt":"2011-07-29T00:00:00","guid":{"rendered":"https:\/\/www.volkswagen.es\/2011\/07\/29\/el-concurso-beetle-stories-ya-tiene-ganador\/"},"modified":"2011-07-29T00:00:00","modified_gmt":"2011-07-29T00:00:00","slug":"el-concurso-beetle-stories-ya-tiene-ganador","status":"publish","type":"post","link":"https:\/\/www.volkswagen.es\/comunicacion\/el-concurso-beetle-stories-ya-tiene-ganador\/","title":{"rendered":"EL CONCURSO \u00abBEETLE STORIES\u00bb YA TIENE GANADOR"},"content":{"rendered":"<p>Rodrigo Mattua, Like Mattar, Guillermo Sari\u00f1ana y Yasmin Manssour son los creadores de la obra ganadora, que destaca por ser capaz de transmitir a la perfecci\u00f3n valores tan cercanos al Beetle como la libertad y el optimismo. El argumento gira en torno a la historia de un becario de una agencia de publicidad de los a\u00f1os 60 que se inspira en el revolucionario anuncio del Beetle para convertirse en un gran publicista. Con un destacado montaje realizado mediante la t\u00e9cnica \u00abmotion graphics\u00bb, el cortometraje ganador, que toma como referencia la historia \u00abMad Men de andar por casa\u00bb presentada en la primera fase de concurso, super\u00f3 a los otros 24 finalistas, todos ellos de gran calidad y originalidad. El premio consiste en una beca por valor de 5.000 \u20ac para realizar un curso en la escuela de dise\u00f1o y audiovisuales que prefieran, entre las que se encuentra la prestigiosa Central Saint Martin&#8217;s de Londres.<\/p>\n<p>\u00a0<\/p>\n<p>El jurado encargado de valorar los cortometrajes presentados estaba formado por Agust\u00ed Mezquida, fundador y presidente ejecutivo de Prodigius Cinema y Desmesura Films; Arantxa Zunzunegui, productora ejecutiva de Fausto Producciones; Daniel Rissech Roig, guionista audiovisual y cinematogr\u00e1fico; David Carreras, director de cine y productor, y C\u00e9sar Pont, productor ejecutivo de Tesauro, y Albert Garc\u00eda, responsable de publicidad, de Volkswagen Turismos. Adem\u00e1s, el p\u00fablico tambi\u00e9n ha podido participar en la elecci\u00f3n votando a su favorito a trav\u00e9s de la web <i><a href=\"http:\/\/www.beetlestories.com\/\">www.beetlestories.com<\/a>.<\/i><\/p>\n<p>\u00a0<\/p>\n<p>El concurso \u00abBeetle Stories\u00bb ha puesto de manifiesto, una vez m\u00e1s, que estamos ante un veh\u00edculo especial. La exclusividad y el inigualable car\u00e1cter emocional que consigue transmitir el Beetle lo hacen protagonista de todo tipo de historias personales. Desde su creaci\u00f3n, se han fabricado m\u00e1s de 21 millones de unidades en todo el mundo. Ahora, con la llegada del nuevo Beetle se reaviva la llama de uno de los iconos m\u00e1s representativos de la historia del automovilismo mundial.<\/p>\n<p>\u00a0<\/p>\n<p><i>Nota: Todas las historias y v\u00eddeos que han participado en el concurso quedan expuestos en la web<\/i> <i><a href=\"http:\/\/www.beetlestories.com\/\">www.beetlestories.com<\/a>.<\/i><\/p>\n<p>\u00a0<\/p>\n<p>Entra en www.facebook.com\/beetleesp para estar al d\u00eda de todas las noticias sobre este m\u00edtico icono de la historia del motor.<\/p>\n","protected":false},"excerpt":{"rendered":"o La historia de animaci\u00f3n \"Un poco como el escarabajo\" se ha llevado el primer premio gracias su originalidad y calidad narrativa o Se recibieron m\u00e1s de 150 historias relacionadas con el emblem\u00e1tico modelo de","protected":false},"author":1,"featured_media":21573,"comment_status":"open","ping_status":"open","sticky":false,"template":"","format":"standard","meta":{"_acf_changed":false,"ep_exclude_from_search":false,"footnotes":""},"categories":[287],"tags":[],"class_list":["post-21571","post","type-post","status-publish","format-standard","has-post-thumbnail","hentry","category-acciones-de-marketing"],"acf":[],"_links":{"self":[{"href":"https:\/\/www.volkswagen.es\/comunicacion\/wp-json\/wp\/v2\/posts\/21571","targetHints":{"allow":["GET"]}}],"collection":[{"href":"https:\/\/www.volkswagen.es\/comunicacion\/wp-json\/wp\/v2\/posts"}],"about":[{"href":"https:\/\/www.volkswagen.es\/comunicacion\/wp-json\/wp\/v2\/types\/post"}],"author":[{"embeddable":true,"href":"https:\/\/www.volkswagen.es\/comunicacion\/wp-json\/wp\/v2\/users\/1"}],"replies":[{"embeddable":true,"href":"https:\/\/www.volkswagen.es\/comunicacion\/wp-json\/wp\/v2\/comments?post=21571"}],"version-history":[{"count":0,"href":"https:\/\/www.volkswagen.es\/comunicacion\/wp-json\/wp\/v2\/posts\/21571\/revisions"}],"wp:featuredmedia":[{"embeddable":true,"href":"https:\/\/www.volkswagen.es\/comunicacion\/wp-json\/wp\/v2\/media\/21573"}],"wp:attachment":[{"href":"https:\/\/www.volkswagen.es\/comunicacion\/wp-json\/wp\/v2\/media?parent=21571"}],"wp:term":[{"taxonomy":"category","embeddable":true,"href":"https:\/\/www.volkswagen.es\/comunicacion\/wp-json\/wp\/v2\/categories?post=21571"},{"taxonomy":"post_tag","embeddable":true,"href":"https:\/\/www.volkswagen.es\/comunicacion\/wp-json\/wp\/v2\/tags?post=21571"}],"curies":[{"name":"wp","href":"https:\/\/api.w.org\/{rel}","templated":true}]}}