{"id":21562,"date":"2011-07-20T00:00:00","date_gmt":"2011-07-20T00:00:00","guid":{"rendered":"https:\/\/www.volkswagen.es\/2011\/07\/20\/volkswagen-presenta-el-nuevo-beetle\/"},"modified":"2011-07-20T00:00:00","modified_gmt":"2011-07-20T00:00:00","slug":"volkswagen-presenta-el-nuevo-beetle","status":"publish","type":"post","link":"https:\/\/www.volkswagen.es\/comunicacion\/volkswagen-presenta-el-nuevo-beetle\/","title":{"rendered":"VOLKSWAGEN PRESENTA EL NUEVO BEETLE"},"content":{"rendered":"<p>El nuevo Beetle estar\u00e1 disponible en nuestro mercado en dos versiones, Design y Sport, cada una con un car\u00e1cter muy personal. La versi\u00f3n Design est\u00e1 pensada para los m\u00e1s nost\u00e1lgicos y quiere homenajear al m\u00edtico \u00abEscarabajo\u00bb. Con una amplia gama de colores, esta versi\u00f3n cuida en especial el interior con detalles como el famoso salpicadero y el lateral interior de las puertas en el mismo color de la carrocer\u00eda, y aplicaciones cromadas que crean un ambiente agradable y aportan un toque \u00abretro\u00bb.<\/p>\n<p>\u00a0<\/p>\n<p>La versi\u00f3n Sport se decanta por realzar el dinamismo y la vertiente m\u00e1s deportiva del nuevo Beetle. Su dise\u00f1o exterior presenta detalles propios de los deportivos de lujo, como las llantas de aleaci\u00f3n ligera de 17 pulgadas, las molduras protectoras o el aler\u00f3n trasero. El interior, destaca por su funcionalidad y seguridad.<\/p>\n<p>\u00a0<\/p>\n<p>Pero adem\u00e1s este nuevo Beetle incorpora las m\u00e1s avanzadas tecnolog\u00edas de ayuda a la conducci\u00f3n y un completo equipamiento destinado a mejorar el confort. De serie equipa sistemas como el ESP, el volante multifunci\u00f3n, el climatizador bi-zona y el Bluetooth. Entre la amplia gama de opcionales destacan el avisador de distancia de estacionamiento <i>Park Pilot<\/i>, los \u00faltimos sistemas de radio CD y radio-navegaci\u00f3n, el techo corredizo panor\u00e1mico practicable y los faros bi-xen\u00f3n con luz diurna LED. Adem\u00e1s este Beetle tambi\u00e9n es el primero en contar opcionalmente con sistema de cierre <i>Keyless Access<\/i> con <i>press &amp; drive<\/i>.<\/p>\n<p>\u00a0<\/p>\n<p>Para el lanzamiento, el nuevo Beetle estar\u00e1 disponible con los motores TSI de 77 kW \/ 105 CV para la versi\u00f3n Design con cambio manual, y TSI de 147 kW \/ 200 CV de potencia con DSG para la versi\u00f3n Sport. M\u00e1s adelante, en la primera mitad de 2012 se lanzar\u00e1n los motores TSI 160 CV y TDI 140 CV en manual y DSG. Tambi\u00e9n estar\u00e1 disponible el TSI 200 con cambio manual y el motor TDI 105 CV. <\/p>\n<p>\u00a0<\/p>\n<p>Adem\u00e1s, a partir de septiembre se lanzar\u00e1 en el mercado espa\u00f1ol una edici\u00f3n limitada muy exclusiva, el Beetle Turbo Black &amp; White, del cual se comercializar\u00e1n 60 unidades, 30 en blanco y 30 en negro.<\/p>\n<p>\u00a0<\/p>\n<p>Un alto grado de personalizaci\u00f3n, tecnolog\u00eda avanzada, motores de m\u00e1xima eficiencia y dise\u00f1o y emoci\u00f3n sobre ruedas, el nuevo Beetle se reinterpreta como un cl\u00e1sico del siglo XXI.<\/p>\n<p>\u00a0<\/p>\n<p>Los precios recomendados son:<\/p>\n<p>Beetle Design 1.2 TSI 105 CV Manual 21.120 \u20ac<\/p>\n<p>Beetle Sport 2.0 TSI 200 CV DSG 28.310 \u20ac<\/p>\n","protected":false},"excerpt":{"rendered":"o Este icono del automovilismo regresa con una renovada imagen, m\u00e1s masculina y deportiva, pero respetando el dise\u00f1o original. o El modelo m\u00e1s emocional de la gama incorpora las \u00faltimas tecnolog\u00edas y ofrece infinidad de","protected":false},"author":1,"featured_media":21567,"comment_status":"open","ping_status":"open","sticky":false,"template":"","format":"standard","meta":{"_acf_changed":false,"ep_exclude_from_search":false,"footnotes":""},"categories":[254],"tags":[],"class_list":["post-21562","post","type-post","status-publish","format-standard","has-post-thumbnail","hentry","category-beetle-beetle"],"acf":[],"_links":{"self":[{"href":"https:\/\/www.volkswagen.es\/comunicacion\/wp-json\/wp\/v2\/posts\/21562","targetHints":{"allow":["GET"]}}],"collection":[{"href":"https:\/\/www.volkswagen.es\/comunicacion\/wp-json\/wp\/v2\/posts"}],"about":[{"href":"https:\/\/www.volkswagen.es\/comunicacion\/wp-json\/wp\/v2\/types\/post"}],"author":[{"embeddable":true,"href":"https:\/\/www.volkswagen.es\/comunicacion\/wp-json\/wp\/v2\/users\/1"}],"replies":[{"embeddable":true,"href":"https:\/\/www.volkswagen.es\/comunicacion\/wp-json\/wp\/v2\/comments?post=21562"}],"version-history":[{"count":0,"href":"https:\/\/www.volkswagen.es\/comunicacion\/wp-json\/wp\/v2\/posts\/21562\/revisions"}],"wp:featuredmedia":[{"embeddable":true,"href":"https:\/\/www.volkswagen.es\/comunicacion\/wp-json\/wp\/v2\/media\/21567"}],"wp:attachment":[{"href":"https:\/\/www.volkswagen.es\/comunicacion\/wp-json\/wp\/v2\/media?parent=21562"}],"wp:term":[{"taxonomy":"category","embeddable":true,"href":"https:\/\/www.volkswagen.es\/comunicacion\/wp-json\/wp\/v2\/categories?post=21562"},{"taxonomy":"post_tag","embeddable":true,"href":"https:\/\/www.volkswagen.es\/comunicacion\/wp-json\/wp\/v2\/tags?post=21562"}],"curies":[{"name":"wp","href":"https:\/\/api.w.org\/{rel}","templated":true}]}}