{"id":21549,"date":"2011-06-29T00:00:00","date_gmt":"2011-06-29T00:00:00","guid":{"rendered":"https:\/\/www.volkswagen.es\/2011\/06\/29\/volkswagen-apuesta-por-la-energia-renovable-en-brasil\/"},"modified":"2021-05-04T13:37:49","modified_gmt":"2021-05-04T13:37:49","slug":"volkswagen-apuesta-por-la-energia-renovable-en-brasil","status":"publish","type":"post","link":"https:\/\/www.volkswagen.es\/comunicacion\/volkswagen-apuesta-por-la-energia-renovable-en-brasil\/","title":{"rendered":"VOLKSWAGEN APUESTA POR LA ENERG\u00cdA RENOVABLE EN BRASIL"},"content":{"rendered":"<p>Una de las dos plantas energ\u00e9ticas est\u00e1 operativa desde marzo de 2010, y la segunda entrar\u00e1 en funcionamiento en 2013. Ambas instalaciones est\u00e1n localizadas en el estado federal de Sao Paulo, donde Volkswagen do Brasil cuenta con tres de sus cuatro plantas. En el curso de las obras de construcci\u00f3n, se crear\u00e1n cerca de 500 nuevos empleos en la regi\u00f3n.<\/p>\n<p>\u00a0<\/p>\n<p>La expansi\u00f3n de la generaci\u00f3n de energ\u00eda a partir de fuentes renovables en Volkswagen do Brasil estar\u00e1 acompa\u00f1ada de un gran n\u00famero de proyectos de preservaci\u00f3n natural en la regi\u00f3n. Por ejemplo, Volkswagen ha establecido un cintur\u00f3n verde de 5,8 kil\u00f3metros de longitud alrededor de la presa de la planta energ\u00e9tica. Los bosques forman parte de un programa de reforestaci\u00f3n para 100 especies aut\u00f3ctonas de \u00e1rbol en un \u00e1rea total de 116,5 hect\u00e1reas. Para proteger las especies animales de la zona, tambi\u00e9n se ha lanzado el Programa de Supervisi\u00f3n y Preservaci\u00f3n de la Fauna.<\/p>\n<p>\u00a0<\/p>\n<p>El Grupo Volkswagen presta cada vez m\u00e1s atenci\u00f3n a la conservaci\u00f3n de recursos en las 62 plantas de producci\u00f3n que tiene ubicadas alrededor del mundo y se ha impuesto el objetivo de reducir en un 40% las emisiones de CO2 de los procesos de producci\u00f3n en 2020.<\/p>\n","protected":false},"excerpt":{"rendered":"Volkswagen do Brasil est\u00e1 invirtiendo 120 millones de euros en la construcci\u00f3n de dos plantas hidroel\u00e9ctricas. Generar\u00e1n un total de 48,3 megavatios y suministrar\u00e1n casi el 40% de la electricidad requerida por la compa\u00f1\u00eda. Volkswagen","protected":false},"author":1,"featured_media":0,"comment_status":"open","ping_status":"open","sticky":false,"template":"","format":"standard","meta":{"_acf_changed":false,"ep_exclude_from_search":false,"footnotes":""},"categories":[279],"tags":[],"class_list":["post-21549","post","type-post","status-publish","format-standard","hentry","category-corporativo"],"acf":[],"_links":{"self":[{"href":"https:\/\/www.volkswagen.es\/comunicacion\/wp-json\/wp\/v2\/posts\/21549","targetHints":{"allow":["GET"]}}],"collection":[{"href":"https:\/\/www.volkswagen.es\/comunicacion\/wp-json\/wp\/v2\/posts"}],"about":[{"href":"https:\/\/www.volkswagen.es\/comunicacion\/wp-json\/wp\/v2\/types\/post"}],"author":[{"embeddable":true,"href":"https:\/\/www.volkswagen.es\/comunicacion\/wp-json\/wp\/v2\/users\/1"}],"replies":[{"embeddable":true,"href":"https:\/\/www.volkswagen.es\/comunicacion\/wp-json\/wp\/v2\/comments?post=21549"}],"version-history":[{"count":1,"href":"https:\/\/www.volkswagen.es\/comunicacion\/wp-json\/wp\/v2\/posts\/21549\/revisions"}],"predecessor-version":[{"id":50469,"href":"https:\/\/www.volkswagen.es\/comunicacion\/wp-json\/wp\/v2\/posts\/21549\/revisions\/50469"}],"wp:attachment":[{"href":"https:\/\/www.volkswagen.es\/comunicacion\/wp-json\/wp\/v2\/media?parent=21549"}],"wp:term":[{"taxonomy":"category","embeddable":true,"href":"https:\/\/www.volkswagen.es\/comunicacion\/wp-json\/wp\/v2\/categories?post=21549"},{"taxonomy":"post_tag","embeddable":true,"href":"https:\/\/www.volkswagen.es\/comunicacion\/wp-json\/wp\/v2\/tags?post=21549"}],"curies":[{"name":"wp","href":"https:\/\/api.w.org\/{rel}","templated":true}]}}