{"id":21523,"date":"2011-06-06T00:00:00","date_gmt":"2011-06-06T00:00:00","guid":{"rendered":"https:\/\/www.volkswagen.es\/2011\/06\/06\/llega-al-mercado-espanol-el-nuevo-golf-gti-35\/"},"modified":"2021-04-06T15:16:05","modified_gmt":"2021-04-06T15:16:05","slug":"llega-al-mercado-espanol-el-nuevo-golf-gti-35","status":"publish","type":"post","link":"https:\/\/www.volkswagen.es\/comunicacion\/llega-al-mercado-espanol-el-nuevo-golf-gti-35\/","title":{"rendered":"LLEGA AL MERCADO ESPA\u00d1OL EL NUEVO GOLF  GTI 35"},"content":{"rendered":"<p>Con motivo de los 35 a\u00f1os que cumple el Golf GTI, Volkswagen ha preparado una exclusiva edici\u00f3n, limitada a 200 unidades en Espa\u00f1a, para celebrar una historia de \u00e9xitos que comenzaba en 1976 con el lanzamiento del primer deportivo GTI. Desde entonces estas siglas se han convertido en objeto de culto reuniendo a multitud de seguidores de todo el mundo.<\/p>\n<p>\u00a0<\/p>\n<p>El dise\u00f1o del Golf GTI 35 conecta a la perfecci\u00f3n con la esencia del concepto GTI, deportividad distinguida elevada al m\u00e1ximo nivel. Las siglas 35 se han incorporado tanto en el frontal como en los asientos, equipa llantas de 18&#8243; Watkins, tapicer\u00eda con asientos espec\u00edficos de alc\u00e1ntara &#8211; cuero con logo \u00ab35\u00bb y un parachoques delantero con fald\u00f3n negro exclusivos para esta edici\u00f3n, adem\u00e1s de otros detalles interiores que le confieren a este modelo una mayor personalidad, como son las aplicaciones decorativas en look \u00abBlack Array\u00bb, as\u00ed como las alfombrillas y los cinturones de seguridad ribeteados en rojo.<\/p>\n<p>\u00a0<\/p>\n<p>Esta edici\u00f3n limitada, de la que se comercializar\u00e1n en Espa\u00f1a exclusivamente 200 unidades, equipa un motor de dos litros de 235 CV que se podr\u00e1 combinar tanto con el cambio manual de seis velocidades como con el cambio autom\u00e1tico DSG para alcanzar una velocidad m\u00e1xima de 247 km\/h y una aceleraci\u00f3n de 0 a 100 km\/h de tan solo 6,6 segundos. Sus 235 CV, junto con los m\u00faltiples detalles que le acompa\u00f1an, proporcionan un plus de sensaciones que sin duda lo distinguir\u00e1n de sus rivales.<\/p>\n<p>\u00a0<\/p>\n<p>El Golf completa de esta manera una amplia oferta comercial con un total de 27 combinaciones posibles entre motores, cambios y acabados, que posibilitan a todos los amantes del compacto m\u00e1s vendido de Europa, disfrutar del Golf que mejor se adapta a sus necesidades y deseos.<\/p>\n<p>\u00a0<\/p>\n","protected":false},"excerpt":{"rendered":"Volkswagen inicia la comercializaci\u00f3n en Espa\u00f1a de una edici\u00f3n especial del Golf GTI que conmemora los 35 a\u00f1os de historia de estas m\u00edticas siglas, un icono de los compactos m\u00e1s deportivos. El Golf GTI 35","protected":false},"author":1,"featured_media":21524,"comment_status":"open","ping_status":"open","sticky":false,"template":"","format":"standard","meta":{"_acf_changed":false,"ep_exclude_from_search":false,"footnotes":""},"categories":[260],"tags":[],"class_list":["post-21523","post","type-post","status-publish","format-standard","has-post-thumbnail","hentry","category-golf-gti-golf-historico-de-modelos"],"acf":[],"_links":{"self":[{"href":"https:\/\/www.volkswagen.es\/comunicacion\/wp-json\/wp\/v2\/posts\/21523","targetHints":{"allow":["GET"]}}],"collection":[{"href":"https:\/\/www.volkswagen.es\/comunicacion\/wp-json\/wp\/v2\/posts"}],"about":[{"href":"https:\/\/www.volkswagen.es\/comunicacion\/wp-json\/wp\/v2\/types\/post"}],"author":[{"embeddable":true,"href":"https:\/\/www.volkswagen.es\/comunicacion\/wp-json\/wp\/v2\/users\/1"}],"replies":[{"embeddable":true,"href":"https:\/\/www.volkswagen.es\/comunicacion\/wp-json\/wp\/v2\/comments?post=21523"}],"version-history":[{"count":1,"href":"https:\/\/www.volkswagen.es\/comunicacion\/wp-json\/wp\/v2\/posts\/21523\/revisions"}],"predecessor-version":[{"id":22362,"href":"https:\/\/www.volkswagen.es\/comunicacion\/wp-json\/wp\/v2\/posts\/21523\/revisions\/22362"}],"wp:featuredmedia":[{"embeddable":true,"href":"https:\/\/www.volkswagen.es\/comunicacion\/wp-json\/wp\/v2\/media\/21524"}],"wp:attachment":[{"href":"https:\/\/www.volkswagen.es\/comunicacion\/wp-json\/wp\/v2\/media?parent=21523"}],"wp:term":[{"taxonomy":"category","embeddable":true,"href":"https:\/\/www.volkswagen.es\/comunicacion\/wp-json\/wp\/v2\/categories?post=21523"},{"taxonomy":"post_tag","embeddable":true,"href":"https:\/\/www.volkswagen.es\/comunicacion\/wp-json\/wp\/v2\/tags?post=21523"}],"curies":[{"name":"wp","href":"https:\/\/api.w.org\/{rel}","templated":true}]}}