{"id":21449,"date":"2011-03-31T00:00:00","date_gmt":"2011-03-31T00:00:00","guid":{"rendered":"https:\/\/www.volkswagen.es\/2011\/03\/31\/que-la-fuerza-te-acompane\/"},"modified":"2011-03-31T00:00:00","modified_gmt":"2011-03-31T00:00:00","slug":"que-la-fuerza-te-acompane","status":"publish","type":"post","link":"https:\/\/www.volkswagen.es\/comunicacion\/que-la-fuerza-te-acompane\/","title":{"rendered":"QUE LA FUERZA TE ACOMPA\u00d1E&#8230;"},"content":{"rendered":"<p>La Super Bowl fue el escenario escogido para su estreno mundial, y desde ese momento gener\u00f3 una gran expectaci\u00f3n convirti\u00e9ndose en todo un \u00e9xito en la red, con un r\u00e9cord absoluto de reproducciones en <i>YouTube<\/i>. Este s\u00e1bado se inicia la campa\u00f1a televisiva en Espa\u00f1a que contar\u00e1 con su emisi\u00f3n en las principales televisiones nacionales.<\/p>\n<p>El anuncio muestra un ni\u00f1o disfrazado del villano Darth Vader, que bajo los acordes de la \u00abMarcha Imperial\u00bb de John Williams, intenta sin \u00e9xito hacer uso de sus poderes en el interior de su casa, hasta que decide probar con el Passat de su padre que acaba de llegar del trabajo, y es entonces cuando por fin sus poderes consiguen manifestarse&#8230;<\/p>\n<p>Volkswagen es una marca cuyos anuncios televisivos han sido galardonados con multitud de premios. Ahora, la llegada a Espa\u00f1a del nuevo anuncio del Passat seguro que dar\u00e1 mucho de qu\u00e9 hablar.<\/p>\n<p><i>Nota: Puedes reproducir el anuncio desde el perfil oficial de Volkswagen en Facebook y en YouTube.<\/i><\/p>\n<p><u><a href=\"http:\/\/www.facebook.com\/volkswagenesp\">http:\/\/www.facebook.com\/volkswagenesp<\/a><\/p>\n<p><a href=\"http:\/\/www.youtube.com\/watch?v=kVj3e5h4o04\">http:\/\/www.youtube.com\/watch?v=kVj3e5h4o04<\/a><\/u><\/p>\n","protected":false},"excerpt":{"rendered":"El pr\u00f3ximo s\u00e1bado 2 de abril se estrena la versi\u00f3n espa\u00f1ola del spot televisivo del Volkswagen Passat, inspirado en el m\u00edtico largometraje de \"La Guerra de las Galaxias\", \u00e9xito absoluto de visitas de su versi\u00f3n","protected":false},"author":1,"featured_media":21451,"comment_status":"open","ping_status":"open","sticky":false,"template":"","format":"standard","meta":{"_acf_changed":false,"ep_exclude_from_search":false,"footnotes":""},"categories":[286],"tags":[],"class_list":["post-21449","post","type-post","status-publish","format-standard","has-post-thumbnail","hentry","category-publicidad-y-galardones"],"acf":[],"_links":{"self":[{"href":"https:\/\/www.volkswagen.es\/comunicacion\/wp-json\/wp\/v2\/posts\/21449","targetHints":{"allow":["GET"]}}],"collection":[{"href":"https:\/\/www.volkswagen.es\/comunicacion\/wp-json\/wp\/v2\/posts"}],"about":[{"href":"https:\/\/www.volkswagen.es\/comunicacion\/wp-json\/wp\/v2\/types\/post"}],"author":[{"embeddable":true,"href":"https:\/\/www.volkswagen.es\/comunicacion\/wp-json\/wp\/v2\/users\/1"}],"replies":[{"embeddable":true,"href":"https:\/\/www.volkswagen.es\/comunicacion\/wp-json\/wp\/v2\/comments?post=21449"}],"version-history":[{"count":0,"href":"https:\/\/www.volkswagen.es\/comunicacion\/wp-json\/wp\/v2\/posts\/21449\/revisions"}],"wp:featuredmedia":[{"embeddable":true,"href":"https:\/\/www.volkswagen.es\/comunicacion\/wp-json\/wp\/v2\/media\/21451"}],"wp:attachment":[{"href":"https:\/\/www.volkswagen.es\/comunicacion\/wp-json\/wp\/v2\/media?parent=21449"}],"wp:term":[{"taxonomy":"category","embeddable":true,"href":"https:\/\/www.volkswagen.es\/comunicacion\/wp-json\/wp\/v2\/categories?post=21449"},{"taxonomy":"post_tag","embeddable":true,"href":"https:\/\/www.volkswagen.es\/comunicacion\/wp-json\/wp\/v2\/tags?post=21449"}],"curies":[{"name":"wp","href":"https:\/\/api.w.org\/{rel}","templated":true}]}}